[{"@context":"https:\/\/schema.org\/","@type":"Article","@id":"https:\/\/www.edym.sk\/travte-cas-so-svojimi-detmi\/#Article","mainEntityOfPage":"https:\/\/www.edym.sk\/travte-cas-so-svojimi-detmi\/","headline":"Tr\u00e1vte \u010das so svojimi de\u0165mi","name":"Tr\u00e1vte \u010das so svojimi de\u0165mi","description":"V\u017edy, ke\u010f mysl\u00edm na moje detstvo, spomeniem si hlavne na to, ako sa tv\u00e1ril m\u00f4j otec. Spom\u00ednam si na v\u0161etko, \u010do je spojen\u00e9 s n\u00edm, preto\u017ee pr\u00e1ve on sa mi sp\u00e1ja s t\u00fdmi najkraj\u0161\u00edmi spomienkami, ktor\u00e9 m\u00e1m. Je to zvl\u00e1\u0161tne, lebo chalani si pam\u00e4taj\u00fa v\u0161etko mo\u017en\u00e9, len nie \u010das str\u00e1ven\u00fd s otcom. Ale toho \u010dasu, [&hellip;]","datePublished":"2018-03-16","dateModified":"2023-04-25","author":{"@type":"Person","@id":"https:\/\/www.edym.sk\/author\/#Person","name":"edym.sk\n","url":"https:\/\/www.edym.sk\/author\/","identifier":1,"image":{"@type":"ImageObject","@id":"https:\/\/secure.gravatar.com\/avatar\/390ba47df5874845ef3762ac16ecd0a67f4e30c13cbb7c7ee444ade303aa885b?s=96&d=mm&r=g","url":"https:\/\/secure.gravatar.com\/avatar\/390ba47df5874845ef3762ac16ecd0a67f4e30c13cbb7c7ee444ade303aa885b?s=96&d=mm&r=g","height":96,"width":96}},"publisher":{"@type":"Organization","name":"edym.sk","logo":{"@type":"ImageObject","@id":"\/logo.png","url":"\/logo.png","width":600,"height":60}},"image":{"@type":"ImageObject","@id":"https:\/\/www.edym.sk\/wp-content\/uploads\/img_a287342_w16481_t1524739495.jpg","url":"https:\/\/www.edym.sk\/wp-content\/uploads\/img_a287342_w16481_t1524739495.jpg","height":0,"width":0},"url":"https:\/\/www.edym.sk\/travte-cas-so-svojimi-detmi\/","about":["Produkty"],"wordCount":431,"articleBody":"  V\u017edy, ke\u010f mysl\u00edm na moje detstvo, spomeniem si hlavne na to, ako sa tv\u00e1ril m\u00f4j otec. Spom\u00ednam si na v\u0161etko, \u010do je spojen\u00e9 s n\u00edm, preto\u017ee pr\u00e1ve on sa mi sp\u00e1ja s t\u00fdmi najkraj\u0161\u00edmi spomienkami, ktor\u00e9 m\u00e1m. Je to zvl\u00e1\u0161tne, lebo chalani si pam\u00e4taj\u00fa v\u0161etko mo\u017en\u00e9, len nie \u010das str\u00e1ven\u00fd s otcom. Ale toho \u010dasu, ktor\u00fd som s n\u00edm str\u00e1vil ja, bolo tak m\u00e1lo, \u017ee pr\u00e1ve to sa mi najviac vrylo do pam\u00e4te. Je zvl\u00e1\u0161tne, \u017ee si za\u010dneme uvedomova\u0165, \u010do sme mali a\u017e vtedy, ke\u010f sme u\u017e star\u0161\u00ed. M\u00f4j otec neust\u00e1le pracoval, ale robil, \u010do mohol, aby si na m\u0148a na\u0161iel \u010das aspo\u0148 po\u010das v\u00edkendu. Aj ke\u010f to bolo pre neho \u0165a\u017ek\u00e9 a \u010dasto bol zo m\u0148a unaven\u00fd, nikdy mi nepovedal, aby som i\u0161iel pre\u010d a nechal ho oddychova\u0165.&#8230; \u010do rob\u00edte vy pre svoje deti?&#8230; Ak je pre die\u0165a nie\u010do d\u00f4le\u017eit\u00e9, tak pr\u00e1ve to, \u017ee si na\u0148 vie otec urobi\u0165 \u010das aj vtedy, ke\u010f u\u017e je vy\u010derpan\u00fd. A ten m\u00f4j ma pravidelne br\u00e1val na ryby. Ko\u013eko r\u00e1z som \u0161iel v piatok spa\u0165 a on e\u0161te nebol doma. Ale r\u00e1no v\u017edy pri\u0161iel za mnou a zobudil ma. Zobral udice delphin a i\u0161li sme ku rybn\u00edku. Bol to n\u00e1\u0161 ritu\u00e1l, ktor\u00fd som miloval, dokonca aj vtedy, ke\u010f sa mi r\u00e1no v\u00f4bec nechcelo vst\u00e1va\u0165. I\u0161lo ale o nie\u010do \u00faplne in\u00e9, nie o vst\u00e1vanie. Bola to proste na\u0161a trad\u00edcia.&#8230; vytvorte si svoj vlastn\u00fd zvyk&#8230; Mal som \u00fa\u017easn\u00fd pr\u00edklad toho, ako by sa mali rodi\u010dia spr\u00e1va\u0165 ku svojim de\u0165om. Napriek \u00fanave, napriek starostiam, m\u00f4j otec tu v\u017edy pre m\u0148a bol. A ja som vedel, \u017ee mus\u00edm urobi\u0165 to ist\u00e9, ke\u010f ide o moje deti. Nesmiem sa im oto\u010di\u0165 chrbtom a v\u017edy ich mus\u00edm vypo\u010du\u0165. Pr\u00e1ve otec je predsa niekto, kto je siln\u00fd a kto sa nikdy neunav\u00ed. Tie\u017e som si s nimi vytvoril tento zvyk a chod\u00edme spolu na ryby. Rozpr\u00e1vame sa o celom t\u00fd\u017edni, o veciach, o ktor\u00fdch sme sa rozpr\u00e1va\u0165 nestihli. A ja to milujem. Mysl\u00edm si, \u017ee ony sa na to te\u0161ia tie\u017e. Aj ke\u010f sa im r\u00e1no nikdy nechce vst\u00e1va\u0165. D\u00fafam, \u017ee si to odnes\u00fa so sebou.                                                                                                                                                                                                                                                                                                                                                                                         4.5\/5 - (4 votes)        "},{"@context":"https:\/\/schema.org\/","@type":"BreadcrumbList","itemListElement":[{"@type":"ListItem","position":1,"name":"Tr\u00e1vte \u010das so svojimi de\u0165mi","item":"https:\/\/www.edym.sk\/travte-cas-so-svojimi-detmi\/#breadcrumbitem"}]}]