[{"@context":"https:\/\/schema.org\/","@type":"Blog","@id":"https:\/\/www.edym.sk#Blog","headline":"Edym","description":"\n\u010cak\u00e1 v\u00e1s dlh\u00e1 cesta vlakom \u010di ako spolujazdca a ob\u00e1vate sa nudy? Vezmite si so sebou \u010d\u00edtanie, ktor\u00e9 v\u00e1m nezaberie miesto v ta\u0161ke a e\u0161te v\u00e1s zaujme i pobav\u00ed. V\u010faka online magaz\u00ednu budete ma\u0165 st\u00e1le \u010do \u010d\u00edta\u0165 a s nudou sa nestretnete.","url":"https:\/\/www.edym.sk","hasPart":[{"@type":"Article","@id":"https:\/\/www.edym.sk\/poteste-zamestnancov-niecim-praktickym\/","headline":"Pote\u0161te zamestnancov nie\u010d\u00edm praktick\u00fdm","url":"https:\/\/www.edym.sk\/poteste-zamestnancov-niecim-praktickym\/","datePublished":"2023-08-15","dateModified":"2023-08-15","mainEntityOfPage":"https:\/\/www.edym.sk\/poteste-zamestnancov-niecim-praktickym\/","author":{"@type":"Person","@id":"https:\/\/www.edym.sk\/author\/#Person","name":"edym.sk\n","url":"https:\/\/www.edym.sk\/author\/","identifier":1,"image":{"@type":"ImageObject","@id":"https:\/\/secure.gravatar.com\/avatar\/390ba47df5874845ef3762ac16ecd0a67f4e30c13cbb7c7ee444ade303aa885b?s=96&d=mm&r=g","url":"https:\/\/secure.gravatar.com\/avatar\/390ba47df5874845ef3762ac16ecd0a67f4e30c13cbb7c7ee444ade303aa885b?s=96&d=mm&r=g","height":96,"width":96}},"publisher":{"@type":"Organization","name":"edym.sk","logo":{"@type":"ImageObject","@id":"\/logo.png","url":"\/logo.png","width":600,"height":60}},"image":{"@type":"ImageObject","@id":"https:\/\/www.edym.sk\/wp-content\/uploads\/pexels-karolina-grabowska-4210376.jpg","url":"https:\/\/www.edym.sk\/wp-content\/uploads\/pexels-karolina-grabowska-4210376.jpg","height":0,"width":0},"wordCount":470,"keywords":null},{"@type":"Article","@id":"https:\/\/www.edym.sk\/hra-so-sexualnymi-energiami\/","headline":"Hra so sexu\u00e1lnymi energiami","url":"https:\/\/www.edym.sk\/hra-so-sexualnymi-energiami\/","datePublished":"2023-06-25","dateModified":"2023-07-26","mainEntityOfPage":"https:\/\/www.edym.sk\/hra-so-sexualnymi-energiami\/","author":{"@type":"Person","@id":"https:\/\/www.edym.sk\/author\/#Person","name":"edym.sk\n","url":"https:\/\/www.edym.sk\/author\/","identifier":1,"image":{"@type":"ImageObject","@id":"https:\/\/secure.gravatar.com\/avatar\/390ba47df5874845ef3762ac16ecd0a67f4e30c13cbb7c7ee444ade303aa885b?s=96&d=mm&r=g","url":"https:\/\/secure.gravatar.com\/avatar\/390ba47df5874845ef3762ac16ecd0a67f4e30c13cbb7c7ee444ade303aa885b?s=96&d=mm&r=g","height":96,"width":96}},"publisher":{"@type":"Organization","name":"edym.sk","logo":{"@type":"ImageObject","@id":"\/logo.png","url":"\/logo.png","width":600,"height":60}},"image":{"@type":"ImageObject","@id":"https:\/\/www.edym.sk\/wp-content\/uploads\/people-2589817_1920-min_5.jpg","url":"https:\/\/www.edym.sk\/wp-content\/uploads\/people-2589817_1920-min_5.jpg","height":0,"width":0},"wordCount":465,"keywords":null},{"@type":"Article","@id":"https:\/\/www.edym.sk\/novinky-zo-sveta-vianocnych-dekoracii-a-svetielok\/","headline":"Novinky zo sveta viano\u010dn\u00fdch dekor\u00e1ci\u00ed a svetielok","url":"https:\/\/www.edym.sk\/novinky-zo-sveta-vianocnych-dekoracii-a-svetielok\/","datePublished":"2023-01-28","dateModified":"2023-04-29","mainEntityOfPage":"https:\/\/www.edym.sk\/novinky-zo-sveta-vianocnych-dekoracii-a-svetielok\/","author":{"@type":"Person","@id":"https:\/\/www.edym.sk\/author\/#Person","name":"edym.sk\n","url":"https:\/\/www.edym.sk\/author\/","identifier":1,"image":{"@type":"ImageObject","@id":"https:\/\/secure.gravatar.com\/avatar\/390ba47df5874845ef3762ac16ecd0a67f4e30c13cbb7c7ee444ade303aa885b?s=96&d=mm&r=g","url":"https:\/\/secure.gravatar.com\/avatar\/390ba47df5874845ef3762ac16ecd0a67f4e30c13cbb7c7ee444ade303aa885b?s=96&d=mm&r=g","height":96,"width":96}},"publisher":{"@type":"Organization","name":"edym.sk","logo":{"@type":"ImageObject","@id":"\/logo.png","url":"\/logo.png","width":600,"height":60}},"image":{"@type":"ImageObject","@id":"https:\/\/www.edym.sk\/wp-content\/uploads\/viano%C4%8Dn%C3%A9%20dekor%C3%A1cie.jpg","url":"https:\/\/www.edym.sk\/wp-content\/uploads\/viano%C4%8Dn%C3%A9%20dekor%C3%A1cie.jpg","height":0,"width":0},"wordCount":557,"keywords":null},{"@type":"Article","@id":"https:\/\/www.edym.sk\/kancelarske-kresla-budu-zdobit-vasu-spolocnost\/","headline":"Kancel\u00e1rske kresl\u00e1 bud\u00fa zdobi\u0165 va\u0161u spolo\u010dnos\u0165","url":"https:\/\/www.edym.sk\/kancelarske-kresla-budu-zdobit-vasu-spolocnost\/","datePublished":"2022-11-24","dateModified":"2023-11-25","mainEntityOfPage":"https:\/\/www.edym.sk\/kancelarske-kresla-budu-zdobit-vasu-spolocnost\/","author":{"@type":"Person","@id":"https:\/\/www.edym.sk\/author\/#Person","name":"edym.sk\n","url":"https:\/\/www.edym.sk\/author\/","identifier":1,"image":{"@type":"ImageObject","@id":"https:\/\/secure.gravatar.com\/avatar\/390ba47df5874845ef3762ac16ecd0a67f4e30c13cbb7c7ee444ade303aa885b?s=96&d=mm&r=g","url":"https:\/\/secure.gravatar.com\/avatar\/390ba47df5874845ef3762ac16ecd0a67f4e30c13cbb7c7ee444ade303aa885b?s=96&d=mm&r=g","height":96,"width":96}},"publisher":{"@type":"Organization","name":"edym.sk","logo":{"@type":"ImageObject","@id":"\/logo.png","url":"\/logo.png","width":600,"height":60}},"image":null,"wordCount":226,"keywords":null},{"@type":"Article","@id":"https:\/\/www.edym.sk\/zivotnost-plastovych-paliet\/","headline":"\u017divotnos\u0165 plastov\u00fdch paliet","url":"https:\/\/www.edym.sk\/zivotnost-plastovych-paliet\/","datePublished":"2022-10-28","dateModified":"2023-11-20","mainEntityOfPage":"https:\/\/www.edym.sk\/zivotnost-plastovych-paliet\/","author":{"@type":"Person","@id":"https:\/\/www.edym.sk\/author\/#Person","name":"edym.sk\n","url":"https:\/\/www.edym.sk\/author\/","identifier":1,"image":{"@type":"ImageObject","@id":"https:\/\/secure.gravatar.com\/avatar\/390ba47df5874845ef3762ac16ecd0a67f4e30c13cbb7c7ee444ade303aa885b?s=96&d=mm&r=g","url":"https:\/\/secure.gravatar.com\/avatar\/390ba47df5874845ef3762ac16ecd0a67f4e30c13cbb7c7ee444ade303aa885b?s=96&d=mm&r=g","height":96,"width":96}},"publisher":{"@type":"Organization","name":"edym.sk","logo":{"@type":"ImageObject","@id":"\/logo.png","url":"\/logo.png","width":600,"height":60}},"image":{"@type":"ImageObject","@id":"https:\/\/www.edym.sk\/wp-content\/uploads\/pexels-tiger-lily-4481529.jpg","url":"https:\/\/www.edym.sk\/wp-content\/uploads\/pexels-tiger-lily-4481529.jpg","height":0,"width":0},"wordCount":497,"keywords":null},{"@type":"Article","@id":"https:\/\/www.edym.sk\/dajte-si-upratat\/","headline":"Dajte si uprata\u0165","url":"https:\/\/www.edym.sk\/dajte-si-upratat\/","datePublished":"2022-07-11","dateModified":"2023-04-25","mainEntityOfPage":"https:\/\/www.edym.sk\/dajte-si-upratat\/","author":{"@type":"Person","@id":"https:\/\/www.edym.sk\/author\/#Person","name":"edym.sk\n","url":"https:\/\/www.edym.sk\/author\/","identifier":1,"image":{"@type":"ImageObject","@id":"https:\/\/secure.gravatar.com\/avatar\/390ba47df5874845ef3762ac16ecd0a67f4e30c13cbb7c7ee444ade303aa885b?s=96&d=mm&r=g","url":"https:\/\/secure.gravatar.com\/avatar\/390ba47df5874845ef3762ac16ecd0a67f4e30c13cbb7c7ee444ade303aa885b?s=96&d=mm&r=g","height":96,"width":96}},"publisher":{"@type":"Organization","name":"edym.sk","logo":{"@type":"ImageObject","@id":"\/logo.png","url":"\/logo.png","width":600,"height":60}},"image":{"@type":"ImageObject","@id":"https:\/\/www.edym.sk\/wp-content\/uploads\/broom-1837434__480.jpg","url":"https:\/\/www.edym.sk\/wp-content\/uploads\/broom-1837434__480.jpg","height":0,"width":0},"wordCount":467,"keywords":null},{"@type":"Article","@id":"https:\/\/www.edym.sk\/mobilny-dom-moze-splnit-vase-sny-takmer-okamzite\/","headline":"Mobiln\u00fd dom m\u00f4\u017ee splni\u0165 va\u0161e sny takmer okam\u017eite.","url":"https:\/\/www.edym.sk\/mobilny-dom-moze-splnit-vase-sny-takmer-okamzite\/","datePublished":"2022-07-09","dateModified":"2023-04-25","mainEntityOfPage":"https:\/\/www.edym.sk\/mobilny-dom-moze-splnit-vase-sny-takmer-okamzite\/","author":{"@type":"Person","@id":"https:\/\/www.edym.sk\/author\/#Person","name":"edym.sk\n","url":"https:\/\/www.edym.sk\/author\/","identifier":1,"image":{"@type":"ImageObject","@id":"https:\/\/secure.gravatar.com\/avatar\/390ba47df5874845ef3762ac16ecd0a67f4e30c13cbb7c7ee444ade303aa885b?s=96&d=mm&r=g","url":"https:\/\/secure.gravatar.com\/avatar\/390ba47df5874845ef3762ac16ecd0a67f4e30c13cbb7c7ee444ade303aa885b?s=96&d=mm&r=g","height":96,"width":96}},"publisher":{"@type":"Organization","name":"edym.sk","logo":{"@type":"ImageObject","@id":"\/logo.png","url":"\/logo.png","width":600,"height":60}},"image":{"@type":"ImageObject","@id":"https:\/\/www.edym.sk\/wp-content\/uploads\/mobiln%C3%BD%20dom%20(7).jpg","url":"https:\/\/www.edym.sk\/wp-content\/uploads\/mobiln%C3%BD%20dom%20(7).jpg","height":0,"width":0},"wordCount":508,"keywords":null},{"@type":"Article","@id":"https:\/\/www.edym.sk\/servis-klimatizacie\/","headline":"Servis klimatiz\u00e1cie","url":"https:\/\/www.edym.sk\/servis-klimatizacie\/","datePublished":"2022-05-20","dateModified":"2023-04-25","mainEntityOfPage":"https:\/\/www.edym.sk\/servis-klimatizacie\/","author":{"@type":"Person","@id":"https:\/\/www.edym.sk\/author\/#Person","name":"edym.sk\n","url":"https:\/\/www.edym.sk\/author\/","identifier":1,"image":{"@type":"ImageObject","@id":"https:\/\/secure.gravatar.com\/avatar\/390ba47df5874845ef3762ac16ecd0a67f4e30c13cbb7c7ee444ade303aa885b?s=96&d=mm&r=g","url":"https:\/\/secure.gravatar.com\/avatar\/390ba47df5874845ef3762ac16ecd0a67f4e30c13cbb7c7ee444ade303aa885b?s=96&d=mm&r=g","height":96,"width":96}},"publisher":{"@type":"Organization","name":"edym.sk","logo":{"@type":"ImageObject","@id":"\/logo.png","url":"\/logo.png","width":600,"height":60}},"image":{"@type":"ImageObject","@id":"https:\/\/www.edym.sk\/wp-content\/uploads\/OIP_2.jpg","url":"https:\/\/www.edym.sk\/wp-content\/uploads\/OIP_2.jpg","height":0,"width":0},"wordCount":563,"keywords":null},{"@type":"Article","@id":"https:\/\/www.edym.sk\/farebne-led-pasy\/","headline":"Farebn\u00e9 LED p\u00e1sy","url":"https:\/\/www.edym.sk\/farebne-led-pasy\/","datePublished":"2022-05-09","dateModified":"2023-04-25","mainEntityOfPage":"https:\/\/www.edym.sk\/farebne-led-pasy\/","author":{"@type":"Person","@id":"https:\/\/www.edym.sk\/author\/#Person","name":"edym.sk\n","url":"https:\/\/www.edym.sk\/author\/","identifier":1,"image":{"@type":"ImageObject","@id":"https:\/\/secure.gravatar.com\/avatar\/390ba47df5874845ef3762ac16ecd0a67f4e30c13cbb7c7ee444ade303aa885b?s=96&d=mm&r=g","url":"https:\/\/secure.gravatar.com\/avatar\/390ba47df5874845ef3762ac16ecd0a67f4e30c13cbb7c7ee444ade303aa885b?s=96&d=mm&r=g","height":96,"width":96}},"publisher":{"@type":"Organization","name":"edym.sk","logo":{"@type":"ImageObject","@id":"\/logo.png","url":"\/logo.png","width":600,"height":60}},"image":{"@type":"ImageObject","@id":"https:\/\/www.edym.sk\/wp-content\/uploads\/farebn%C3%BD%20LED%20p%C3%A1s.jpg","url":"https:\/\/www.edym.sk\/wp-content\/uploads\/farebn%C3%BD%20LED%20p%C3%A1s.jpg","height":0,"width":0},"wordCount":532,"keywords":null},{"@type":"Article","@id":"https:\/\/www.edym.sk\/krasa-a-jednoduchost-bielych-led-pasov\/","headline":"Kr\u00e1sa a jednoduchos\u0165 bielych LED p\u00e1sov","url":"https:\/\/www.edym.sk\/krasa-a-jednoduchost-bielych-led-pasov\/","datePublished":"2022-04-23","dateModified":"2023-04-25","mainEntityOfPage":"https:\/\/www.edym.sk\/krasa-a-jednoduchost-bielych-led-pasov\/","author":{"@type":"Person","@id":"https:\/\/www.edym.sk\/author\/#Person","name":"edym.sk\n","url":"https:\/\/www.edym.sk\/author\/","identifier":1,"image":{"@type":"ImageObject","@id":"https:\/\/secure.gravatar.com\/avatar\/390ba47df5874845ef3762ac16ecd0a67f4e30c13cbb7c7ee444ade303aa885b?s=96&d=mm&r=g","url":"https:\/\/secure.gravatar.com\/avatar\/390ba47df5874845ef3762ac16ecd0a67f4e30c13cbb7c7ee444ade303aa885b?s=96&d=mm&r=g","height":96,"width":96}},"publisher":{"@type":"Organization","name":"edym.sk","logo":{"@type":"ImageObject","@id":"\/logo.png","url":"\/logo.png","width":600,"height":60}},"image":{"@type":"ImageObject","@id":"https:\/\/www.edym.sk\/wp-content\/uploads\/biely%20led%20p%C3%A1s.jpg","url":"https:\/\/www.edym.sk\/wp-content\/uploads\/biely%20led%20p%C3%A1s.jpg","height":0,"width":0},"wordCount":529,"keywords":null}]},{"@context":"https:\/\/schema.org","@type":"WebSite","@id":"https:\/\/www.edym.sk\/#website","name":"Edym","url":"https:\/\/www.edym.sk","potentialAction":{"@type":"SearchAction","target":"https:\/\/www.edym.sk\/?s={search_term_string}","query-input":"required name=search_term_string"}}]