[{"@context":"https:\/\/schema.org\/","@type":"Article","@id":"https:\/\/www.edym.sk\/novinky-zo-sveta-vianocnych-dekoracii-a-svetielok\/#Article","mainEntityOfPage":"https:\/\/www.edym.sk\/novinky-zo-sveta-vianocnych-dekoracii-a-svetielok\/","headline":"Novinky zo sveta viano\u010dn\u00fdch dekor\u00e1ci\u00ed a svetielok","name":"Novinky zo sveta viano\u010dn\u00fdch dekor\u00e1ci\u00ed a svetielok","description":"Len ve\u013emi m\u00e1lo \u013eud\u00ed nem\u00e1 rado viano\u010dn\u00e9 obdobie, kedy sa po\u010das sviatkov stretne cel\u00e1, dokonca aj t\u00e1 najvzdialenej\u0161ia rodina, aby spolo\u010dne osl\u00e1vili magick\u00e9 chv\u00edle detskej radosti, pokoja a dobr\u00e9ho jedla. To, \u010do v\u0161ak dotv\u00e1ra \u010darovn\u00fa atmosf\u00e9ru t\u00fdchto ob\u013e\u00faben\u00fdch sviatkov nie s\u00fa len kr\u00e1sne str\u00e1ven\u00e9 spolo\u010dn\u00e9 chv\u00edle s t\u00fdmi najbli\u017e\u0161\u00edmi, ale taktie\u017e aj mno\u017estvo n\u00e1dhern\u00fdch viano\u010dn\u00fdch [&hellip;]","datePublished":"2023-01-28","dateModified":"2023-04-29","author":{"@type":"Person","@id":"https:\/\/www.edym.sk\/author\/#Person","name":"edym.sk\n","url":"https:\/\/www.edym.sk\/author\/","identifier":1,"image":{"@type":"ImageObject","@id":"https:\/\/secure.gravatar.com\/avatar\/390ba47df5874845ef3762ac16ecd0a67f4e30c13cbb7c7ee444ade303aa885b?s=96&d=mm&r=g","url":"https:\/\/secure.gravatar.com\/avatar\/390ba47df5874845ef3762ac16ecd0a67f4e30c13cbb7c7ee444ade303aa885b?s=96&d=mm&r=g","height":96,"width":96}},"publisher":{"@type":"Organization","name":"edym.sk","logo":{"@type":"ImageObject","@id":"\/logo.png","url":"\/logo.png","width":600,"height":60}},"image":{"@type":"ImageObject","@id":"https:\/\/www.edym.sk\/wp-content\/uploads\/viano%C4%8Dn%C3%A9%20dekor%C3%A1cie.jpg","url":"https:\/\/www.edym.sk\/wp-content\/uploads\/viano%C4%8Dn%C3%A9%20dekor%C3%A1cie.jpg","height":0,"width":0},"url":"https:\/\/www.edym.sk\/novinky-zo-sveta-vianocnych-dekoracii-a-svetielok\/","wordCount":403,"articleBody":"         Len ve\u013emi m\u00e1lo \u013eud\u00ed nem\u00e1 rado viano\u010dn\u00e9 obdobie, kedy sa po\u010das sviatkov stretne cel\u00e1, dokonca aj t\u00e1 najvzdialenej\u0161ia rodina, aby spolo\u010dne osl\u00e1vili magick\u00e9 chv\u00edle detskej radosti, pokoja a dobr\u00e9ho jedla. To, \u010do v\u0161ak dotv\u00e1ra \u010darovn\u00fa atmosf\u00e9ru t\u00fdchto ob\u013e\u00faben\u00fdch sviatkov nie s\u00fa len kr\u00e1sne str\u00e1ven\u00e9 spolo\u010dn\u00e9 chv\u00edle s t\u00fdmi najbli\u017e\u0161\u00edmi, ale taktie\u017e aj mno\u017estvo n\u00e1dhern\u00fdch viano\u010dn\u00fdch svetielok a dekor\u00e1ci\u00ed. Mno\u017estvo \u013eud\u00ed si d\u00e1va preto na v\u00fdzdobe naozaj z\u00e1le\u017ea\u0165 a ozdoby poctivo kupuj\u00fa v dostato\u010dnom predstihu. Predsa len obchody n\u00e1s zahlcuj\u00fa viano\u010dnou tematikou zv\u00e4\u010d\u0161a u\u017e za\u010diatkom jesenn\u00e9ho obdobia a preto t\u00ed najv\u00e4\u010d\u0161\u00ed fan\u00fa\u0161ikovia Vianoc so zh\u00e1\u0148an\u00edm dekor\u00e1ci\u00ed a svetielok nezah\u00e1\u013eaj\u00fa a za\u010d\u00ednaj\u00fa e\u0161te v \u010dase, kedy mo\u017eno na stromoch n\u00e1js\u0165 oran\u017eov\u00e9 a \u010derveno sfarben\u00e9 l\u00edstie. Prav\u00e9 viano\u010dn\u00e9 \u0161ialenstvo v\u0161ak za\u010d\u00edna a\u017e ove\u013ea nesk\u00f4r, kedy p\u00e1r t\u00fd\u017ed\u0148ov pred \u0160tedr\u00fdm d\u0148om n\u00e1jdeme obchody zaplaven\u00e9 obrovsk\u00fdmi h\u00fafmi \u013eud\u00ed, sna\u017eiacich sa na posledn\u00fa chv\u00ed\u013eu nak\u00fapi\u0165 dar\u010deky a ozdoby, ktor\u00e9 im e\u0161te ch\u00fdbaj\u00fa. Z viano\u010dn\u00e9ho osvetlenia sa postupom \u010dasu stal typick\u00fd a z\u00e1rove\u0148 aj tradi\u010dn\u00fd prvok, bez ktor\u00e9ho si toto sviato\u010dn\u00e9 obdobie jednoducho u\u017e nedok\u00e1\u017eeme predstavi\u0165.Nie len strom\u010dek bez svetielok by sa zdal pr\u00e1zdny a smutn\u00fd, ale taktie\u017e aj osvetlen\u00e9 strechy a balk\u00f3ny dom\u010dekov \u010di pouli\u010dn\u00e9 lampy alebo viano\u010dn\u00e9 trhy bez sveteln\u00fdch re\u0165az\u00ed a ozd\u00f4b by sa zdali akosi oby\u010dajn\u00e9 a stratili by svoje \u010daro. Podobne ako sa v\u0161ak ka\u017ed\u00fdm rokom menia ud\u00e1van\u00e9 m\u00f3dne trendy a farby, ktor\u00e9 bud\u00fa v danom roku \u017eiadan\u00e9, aj nov\u00e9 druhy viano\u010dn\u00fdch dekor\u00e1ci\u00ed a osvetlenia v tomto pr\u00edpade nezaost\u00e1vaj\u00fa. Z toho d\u00f4vodu sa m\u00f4\u017eeme ka\u017edoro\u010dne te\u0161i\u0165 na nov\u00e9 farebn\u00e9 kombin\u00e1cie, tvary \u010di in\u00e9 jedine\u010dn\u00e9 trendov\u00e9 novinky od predch\u00e1dzaj\u00facej viano\u010dnej sez\u00f3ny. Pokia\u013e chcete, aby v\u00e1\u0161 strom\u010dek a v\u00fdzdoba sp\u013a\u0148ala najmodernej\u0161ie trendy, mali by ste sledova\u0165 najnov\u0161ie aktuality https:\/\/www.veselevianoce.sk\/o-nas\/aktuality zo sveta viano\u010dn\u00fdch dekor\u00e1ci\u00ed a osvetlenia.                                                                                                                                                                                                                                                                                                                                                                                          4.4\/5 - (10 votes)        "},{"@context":"https:\/\/schema.org\/","@type":"BreadcrumbList","itemListElement":[{"@type":"ListItem","position":1,"name":"Novinky zo sveta viano\u010dn\u00fdch dekor\u00e1ci\u00ed a svetielok","item":"https:\/\/www.edym.sk\/novinky-zo-sveta-vianocnych-dekoracii-a-svetielok\/#breadcrumbitem"}]}]