[{"@context":"https:\/\/schema.org\/","@type":"Article","@id":"https:\/\/www.edym.sk\/moj-nepekny-nazor-na-politiku-usa-ktora-sa-stava-globalnou\/#Article","mainEntityOfPage":"https:\/\/www.edym.sk\/moj-nepekny-nazor-na-politiku-usa-ktora-sa-stava-globalnou\/","headline":"M\u00f4j nepekn\u00fd n\u00e1zor na politiku USA, ktor\u00e1 sa st\u00e1va glob\u00e1lnou","name":"M\u00f4j nepekn\u00fd n\u00e1zor na politiku USA, ktor\u00e1 sa st\u00e1va glob\u00e1lnou","description":"Zaslepenos\u0165 Americk\u00e9 deti u\u017e od mali\u010dka u\u010dia k slep\u00e9mu &#8222;patriotizmu&#8220; a k tomu, \u017ee ak m\u00e1 n\u00e1hodou niekto in\u00fd n\u00e1zor ako vl\u00e1da USA, je na 101% komunista, fa\u0161ista, terorista, anarchista, \u010di bl\u00e1zon. Ja m\u00f4\u017eem v\u0161etko, Vy sa neopov\u00e1\u017ete nie\u010do poveda\u0165 Je to tak\u00e1 ironia, kedy s\u00fa dne\u0161n\u00fdmi totalitn\u00fdmi vl\u00e1dcami bohat\u00ed demokrati \u010di liber\u00e1li. No ch\u00e1pu [&hellip;]","datePublished":"2017-10-15","dateModified":"2023-04-25","author":{"@type":"Person","@id":"https:\/\/www.edym.sk\/author\/#Person","name":"edym.sk\n","url":"https:\/\/www.edym.sk\/author\/","identifier":1,"image":{"@type":"ImageObject","@id":"https:\/\/secure.gravatar.com\/avatar\/390ba47df5874845ef3762ac16ecd0a67f4e30c13cbb7c7ee444ade303aa885b?s=96&d=mm&r=g","url":"https:\/\/secure.gravatar.com\/avatar\/390ba47df5874845ef3762ac16ecd0a67f4e30c13cbb7c7ee444ade303aa885b?s=96&d=mm&r=g","height":96,"width":96}},"publisher":{"@type":"Organization","name":"edym.sk","logo":{"@type":"ImageObject","@id":"\/logo.png","url":"\/logo.png","width":600,"height":60}},"image":{"@type":"ImageObject","@id":"https:\/\/www.edym.sk\/wp-content\/uploads\/img_a283797_w16481_t1513354569.jpg","url":"https:\/\/www.edym.sk\/wp-content\/uploads\/img_a283797_w16481_t1513354569.jpg","height":0,"width":0},"url":"https:\/\/www.edym.sk\/moj-nepekny-nazor-na-politiku-usa-ktora-sa-stava-globalnou\/","about":["Ekonomika"],"wordCount":554,"articleBody":"Zaslepenos\u0165Americk\u00e9 deti u\u017e od mali\u010dka u\u010dia k slep\u00e9mu &#8222;patriotizmu&#8220; a k tomu, \u017ee ak m\u00e1 n\u00e1hodou niekto in\u00fd n\u00e1zor ako vl\u00e1da USA, je na 101% komunista, fa\u0161ista, terorista, anarchista, \u010di bl\u00e1zon.Ja m\u00f4\u017eem v\u0161etko, Vy sa neopov\u00e1\u017ete nie\u010do poveda\u0165Je to tak\u00e1 ironia, kedy s\u00fa dne\u0161n\u00fdmi totalitn\u00fdmi vl\u00e1dcami bohat\u00ed demokrati \u010di liber\u00e1li. No ch\u00e1pu tieto u\u0161\u013eachtil\u00e9 idee ako demokraciu a liberalizmus vo\u010di sebe. Ja m\u00f4\u017eem by\u0165 slobodn\u00fd, ja m\u00f4\u017eem ma\u0165 pr\u00e1vo zasiahnu\u0165, ja mus\u00edm zarobi\u0165, ja,ja,ja,&#8230; A ak mi v tom Vy, \u013eudia, ktor\u00ed na mojich z\u00e1robkoch, beztrestnosti a slobode str\u00e1cate a obmedzujem V\u00e1s, nech V\u00e1s je aj cez mili\u00f3n, ktor\u00ed ma chcete \u010do i len upozorni\u0165, potom ste fa\u0161isti a komunisti.Zle pochopen\u00e1 idea\u2022\u00a0\u00a0\u00a0\u00a0\u00a0\u00a0\u00a0\u00a0 Nech\u00e1pte ma v\u0161ak zle. Demokracia a liberalizmus s\u00fa idee, ktor\u00e9 \u013eudia chc\u00fa, s\u00fa sympatick\u00e9, no len ma ve\u013emi mrz\u00ed, \u017ee ich do r\u00fak vzali sebci, ktor\u00ed s\u00fa v\u0161ak bohat\u00ed a vplyvn\u00ed a s\u00fa tak\u00ed obmedzen\u00ed, \u017ee vidia len svoju slobodu a ani ich len nenapadne obzrie\u0165 sa na \u013eud\u00ed z inej vrstvy. Nech\u00e1pu hlavn\u00fa podstatu liberalizmu ktor\u00e1 vrav\u00ed, \u017ee bu\u010f slobodn\u00fd, ale v miere, aby si nezasahoval do slobody druh\u00e9mu. Na tento najhlavnej\u0161\u00ed bod sa zab\u00fada, potom je z liberalizmu totalita silnej\u0161ieho a bohat\u0161ieho.N\u00e1sil\u00edm za demokraciuKrajina sa bez v\u00fd\u010ditky zad\u013a\u017ei. Niekedy si vezme i ropu. Kto ne\u010d\u00edta len plytk\u00e9 nezmysly vie, \u017ee americk\u00e9 vojsko u\u017e nejeden kr\u00e1t ni\u010dilo n\u00e1rodn\u00fa slobodu, niekedy i masakrovalo ob\u010danov v \u0161t\u00e1toch, ktor\u00e9 s\u00fa vraj komunistick\u00e9, \u010di odli\u0161n\u00e9ho demokratick\u00e9mu ch\u00e1paniu, no oni im pri\u0161li nasilu s vojskom a samopalmi vnucova\u0165 funk\u010dn\u00fa ideu ich mierumilovnej demokracie. Ak vid\u00edme, \u017ea s\u00fa aj be\u017en\u00ed ob\u010dania nespokojn\u00ed s pr\u00edjazdom arm\u00e1dy a ich &#8222;mierumilovn\u00fdm&#8220; posolstvom a n\u00e1hodou sa b\u00faria, \u017ee ich vojsko mus\u00ed &#8222;pacifikova\u0165&#8220;, potom to zrejme znamen\u00e1, \u017ee o pomoc americk\u00e9ho vojska a ich &#8222;demokracie&#8220; nestoja. Znepriatel\u00edte si USA, alebo USA chce z va\u0161ej krajiny ropu, \u010di in\u00e9 z\u00e1mery pre svoj prospech a poviete nie, potom sa \u013eahko va\u0161a krajina m\u00f4\u017ee ozna\u010di\u0165 za zem komunizmu, \u010di diabolsk\u00fdch pl\u00e1nov a pokia\u013e USA vo\u010di v\u00e1m zasiahne, v\u00e4\u010d\u0161ina bude tlieska\u0165.Toto nie je boj ide\u00edSvet maj\u00fa toti\u017e pod palcom najbohat\u0161\u00ed. Nevravme o ide\u00e1ch. Cel\u00e9 je to postaven\u00e9 na z\u00e1ujmoch najbohat\u0161\u00edch el\u00edt, ktor\u00e9 s\u00fa predov\u0161etk\u00fdm v USA. Je len n\u00e1hoda, \u017ee predned\u00e1vnom vy\u0161la v USA da\u0148ov\u00e1 reforma, kedy sa najbohat\u0161\u00edm zn\u00ed\u017eia dane, no USA sa za desa\u0165 rokov zadl\u017ei o 1,500 000 000 000 Dol\u00e1rov vo\u010di ostatn\u00fdm? \u00c1no, \u010d\u00edtate dobre.God bless the USA Predstavme si vojensk\u00e9 postupy americkej arm\u00e1dy tak, ako som ich op\u00edsal. Teraz u nich doma, v USA, ve\u013ea \u013eud\u00ed i\u0161lo pozrie\u0165 na baseball, kde sa hr\u00e1 americk\u00e1 hymna a nevedom\u00ed ob\u010dania sa hrdo dr\u017eia za srdce a celebrita, ktor\u00e1 pred zah\u00e1jen\u00edm z\u00e1pasu povie: &#8220; Boh \u017eehnaj Amerike a americk\u00e9mu vojsku&#8220;, si zasl\u00fa\u017ei obrovsk\u00fd potlesk.                                                                                                                                                                                                                                                                                                                                                                                        4.1\/5 - (9 votes)        "},{"@context":"https:\/\/schema.org\/","@type":"BreadcrumbList","itemListElement":[{"@type":"ListItem","position":1,"name":"M\u00f4j nepekn\u00fd n\u00e1zor na politiku USA, ktor\u00e1 sa st\u00e1va glob\u00e1lnou","item":"https:\/\/www.edym.sk\/moj-nepekny-nazor-na-politiku-usa-ktora-sa-stava-globalnou\/#breadcrumbitem"}]}]