[{"@context":"https:\/\/schema.org\/","@type":"Article","@id":"https:\/\/www.edym.sk\/kancelarske-kresla-budu-zdobit-vasu-spolocnost\/#Article","mainEntityOfPage":"https:\/\/www.edym.sk\/kancelarske-kresla-budu-zdobit-vasu-spolocnost\/","headline":"Kancel\u00e1rske kresl\u00e1 bud\u00fa zdobi\u0165 va\u0161u spolo\u010dnos\u0165","name":"Kancel\u00e1rske kresl\u00e1 bud\u00fa zdobi\u0165 va\u0161u spolo\u010dnos\u0165","description":"U\u017e v\u00e1s prestal bavi\u0165 v\u00e1\u0161 star\u00fd n\u00e1bytok v spolo\u010dnosti, v ktorej pracujete, alebo ktor\u00fa dokonca vlastn\u00edte? Rozhodli ste sa pre radik\u00e1lny rez a pre absol\u00fatnu v\u00fdmenu? Akcia gu\u013eov\u00fd blesk vo va\u0161ej firme prispeje nielen k o\u017eiveniu, ale tie\u017e k stmeleniu vz\u00e1jomn\u00fdch vz\u0165ahov medzi pracovn\u00edkmi a va\u0161imi zamestnancami. Prekvapte cel\u00e9 osadenstvo firmy od vedenia a\u017e po [&hellip;]","datePublished":"2022-11-24","dateModified":"2023-11-25","author":{"@type":"Person","@id":"https:\/\/www.edym.sk\/author\/#Person","name":"edym.sk\n","url":"https:\/\/www.edym.sk\/author\/","identifier":1,"image":{"@type":"ImageObject","@id":"https:\/\/secure.gravatar.com\/avatar\/390ba47df5874845ef3762ac16ecd0a67f4e30c13cbb7c7ee444ade303aa885b?s=96&d=mm&r=g","url":"https:\/\/secure.gravatar.com\/avatar\/390ba47df5874845ef3762ac16ecd0a67f4e30c13cbb7c7ee444ade303aa885b?s=96&d=mm&r=g","height":96,"width":96}},"publisher":{"@type":"Organization","name":"edym.sk","logo":{"@type":"ImageObject","@id":"\/logo.png","url":"\/logo.png","width":600,"height":60}},"url":"https:\/\/www.edym.sk\/kancelarske-kresla-budu-zdobit-vasu-spolocnost\/","wordCount":224,"articleBody":"U\u017e v\u00e1s prestal bavi\u0165 v\u00e1\u0161 star\u00fd n\u00e1bytok v spolo\u010dnosti, v ktorej pracujete, alebo ktor\u00fa dokonca vlastn\u00edte? Rozhodli ste sa pre radik\u00e1lny rez a pre absol\u00fatnu v\u00fdmenu? Akcia gu\u013eov\u00fd blesk vo va\u0161ej firme prispeje nielen k o\u017eiveniu, ale tie\u017e k stmeleniu vz\u00e1jomn\u00fdch vz\u0165ahov medzi pracovn\u00edkmi a va\u0161imi zamestnancami. Prekvapte cel\u00e9 osadenstvo firmy od vedenia a\u017e po tie najni\u017e\u0161ie poz\u00edcie a urobte im skuto\u010dn\u00fa rados\u0165 nie\u010d\u00edm nov\u00fdm a nev\u0161edn\u00fdm. Kancel\u00e1rske kresl\u00e1 od n\u00e1s s\u00fa ve\u013emi modern\u00e9 a ich \u0161t\u00fdlov\u00fd dizajn v\u00fdborne vypln\u00ed va\u0161e kancel\u00e1rie..Ko\u017een\u00e9 \u010di \u010dal\u00fanen\u00e9 kresloV\u00e1hate, \u010di si k\u00fapi\u0165 ko\u017een\u00e9 alebo \u010dal\u00fanen\u00e9 kreslo? Rozdiely tu samozrejme s\u00fa. Ak by sme ich mali vyjadri\u0165 len ve\u013emi v\u0161eobecne, tak by sme mohli poveda\u0165, \u017ee ko\u017ea je trvanlivej\u0161ia, o tom niet sporu, a tie\u017e sa zd\u00e1 by\u0165 trochu pohodlnej\u0161ia. Samozrejme ko\u017een\u00e9 kresl\u00e1 b\u00fdvaj\u00fa v\u00e4\u010d\u0161inou drah\u0161ie ako tie \u010dal\u00fanen\u00e9 a jedn\u00e1 sa predsa len o \u010disto pr\u00edrodn\u00fd materi\u00e1l. Kancel\u00e1rske kreslo z ko\u017ee navy\u0161e kr\u00e1sne vonia a p\u00f4sob\u00ed celkovo viac pr\u00edrodne. Je na v\u00e1s, \u010di uprednost\u0148ujete ko\u017eu alebo l\u00e1tku.                                                                                                                                                                                                                                                                                                                                                                                        4\/5 - (13 votes)        "},{"@context":"https:\/\/schema.org\/","@type":"BreadcrumbList","itemListElement":[{"@type":"ListItem","position":1,"name":"Kancel\u00e1rske kresl\u00e1 bud\u00fa zdobi\u0165 va\u0161u spolo\u010dnos\u0165","item":"https:\/\/www.edym.sk\/kancelarske-kresla-budu-zdobit-vasu-spolocnost\/#breadcrumbitem"}]}]