{"@context":"https:\/\/schema.org\/","@type":"CollectionPage","@id":"https:\/\/www.edym.sk\/ekonomika\/#CollectionPage","headline":"Ekonomika Category","description":"","url":"https:\/\/www.edym.sk\/ekonomika\/","hasPart":[{"@type":"Article","@id":"https:\/\/www.edym.sk\/slovakom-pracujucim-vo-vw-slovakia-v-minulom-roku-vyplatili-pol-miliona-eur-za-zlepsovacie-navrhy\/","headline":"Slov\u00e1kom, pracuj\u00facim vo VW Slovakia, v minulom roku vyplatili pol mili\u00f3na eur za zlep\u0161ovacie n\u00e1vrhy","url":"https:\/\/www.edym.sk\/slovakom-pracujucim-vo-vw-slovakia-v-minulom-roku-vyplatili-pol-miliona-eur-za-zlepsovacie-navrhy\/","datePublished":"2019-01-15","dateModified":"2023-04-25","mainEntityOfPage":"https:\/\/www.edym.sk\/slovakom-pracujucim-vo-vw-slovakia-v-minulom-roku-vyplatili-pol-miliona-eur-za-zlepsovacie-navrhy\/","author":{"@type":"Person","@id":"https:\/\/www.edym.sk\/author\/#Person","name":"edym.sk\n","url":"https:\/\/www.edym.sk\/author\/","identifier":1,"image":{"@type":"ImageObject","@id":"https:\/\/secure.gravatar.com\/avatar\/390ba47df5874845ef3762ac16ecd0a67f4e30c13cbb7c7ee444ade303aa885b?s=96&d=mm&r=g","url":"https:\/\/secure.gravatar.com\/avatar\/390ba47df5874845ef3762ac16ecd0a67f4e30c13cbb7c7ee444ade303aa885b?s=96&d=mm&r=g","height":96,"width":96}},"publisher":{"@type":"Organization","name":"edym.sk","logo":{"@type":"ImageObject","@id":"\/logo.png","url":"\/logo.png","width":600,"height":60}},"image":{"@type":"ImageObject","@id":"https:\/\/www.edym.sk\/wp-content\/uploads\/img_a297881_w16481_t1552670199.jpg","url":"https:\/\/www.edym.sk\/wp-content\/uploads\/img_a297881_w16481_t1552670199.jpg","height":0,"width":0},"keywords":null},{"@type":"Article","@id":"https:\/\/www.edym.sk\/bankove-zisky-v-usa-pomahaju-zdvihnut-podielove-trhy\/","headline":"Bankov\u00e9 zisky v USA pom\u00e1haj\u00fa zdvihn\u00fa\u0165 podielov\u00e9 trhy","url":"https:\/\/www.edym.sk\/bankove-zisky-v-usa-pomahaju-zdvihnut-podielove-trhy\/","datePublished":"2018-08-15","dateModified":"2023-04-25","mainEntityOfPage":"https:\/\/www.edym.sk\/bankove-zisky-v-usa-pomahaju-zdvihnut-podielove-trhy\/","author":{"@type":"Person","@id":"https:\/\/www.edym.sk\/author\/#Person","name":"edym.sk\n","url":"https:\/\/www.edym.sk\/author\/","identifier":1,"image":{"@type":"ImageObject","@id":"https:\/\/secure.gravatar.com\/avatar\/390ba47df5874845ef3762ac16ecd0a67f4e30c13cbb7c7ee444ade303aa885b?s=96&d=mm&r=g","url":"https:\/\/secure.gravatar.com\/avatar\/390ba47df5874845ef3762ac16ecd0a67f4e30c13cbb7c7ee444ade303aa885b?s=96&d=mm&r=g","height":96,"width":96}},"publisher":{"@type":"Organization","name":"edym.sk","logo":{"@type":"ImageObject","@id":"\/logo.png","url":"\/logo.png","width":600,"height":60}},"image":{"@type":"ImageObject","@id":"https:\/\/www.edym.sk\/wp-content\/uploads\/img_a292071_w16481_t1539619487.jpg","url":"https:\/\/www.edym.sk\/wp-content\/uploads\/img_a292071_w16481_t1539619487.jpg","height":0,"width":0},"keywords":null},{"@type":"Article","@id":"https:\/\/www.edym.sk\/australii-dochadzaju-zasoby-paliva\/","headline":"Austr\u00e1lii doch\u00e1dzaj\u00fa z\u00e1soby paliva","url":"https:\/\/www.edym.sk\/australii-dochadzaju-zasoby-paliva\/","datePublished":"2018-03-08","dateModified":"2023-04-25","mainEntityOfPage":"https:\/\/www.edym.sk\/australii-dochadzaju-zasoby-paliva\/","author":{"@type":"Person","@id":"https:\/\/www.edym.sk\/author\/#Person","name":"edym.sk\n","url":"https:\/\/www.edym.sk\/author\/","identifier":1,"image":{"@type":"ImageObject","@id":"https:\/\/secure.gravatar.com\/avatar\/390ba47df5874845ef3762ac16ecd0a67f4e30c13cbb7c7ee444ade303aa885b?s=96&d=mm&r=g","url":"https:\/\/secure.gravatar.com\/avatar\/390ba47df5874845ef3762ac16ecd0a67f4e30c13cbb7c7ee444ade303aa885b?s=96&d=mm&r=g","height":96,"width":96}},"publisher":{"@type":"Organization","name":"edym.sk","logo":{"@type":"ImageObject","@id":"\/logo.png","url":"\/logo.png","width":600,"height":60}},"image":{"@type":"ImageObject","@id":"https:\/\/www.edym.sk\/wp-content\/uploads\/img_a287732_w16481_t1525792788.jpg","url":"https:\/\/www.edym.sk\/wp-content\/uploads\/img_a287732_w16481_t1525792788.jpg","height":0,"width":0},"keywords":null},{"@type":"Article","@id":"https:\/\/www.edym.sk\/volebne-obdobie-apatia-nie-u-mladych\/","headline":"Volebn\u00e9 obdobie. Apatia? Nie u mlad\u00fdch!","url":"https:\/\/www.edym.sk\/volebne-obdobie-apatia-nie-u-mladych\/","datePublished":"2018-02-13","dateModified":"2023-04-25","mainEntityOfPage":"https:\/\/www.edym.sk\/volebne-obdobie-apatia-nie-u-mladych\/","author":{"@type":"Person","@id":"https:\/\/www.edym.sk\/author\/#Person","name":"edym.sk\n","url":"https:\/\/www.edym.sk\/author\/","identifier":1,"image":{"@type":"ImageObject","@id":"https:\/\/secure.gravatar.com\/avatar\/390ba47df5874845ef3762ac16ecd0a67f4e30c13cbb7c7ee444ade303aa885b?s=96&d=mm&r=g","url":"https:\/\/secure.gravatar.com\/avatar\/390ba47df5874845ef3762ac16ecd0a67f4e30c13cbb7c7ee444ade303aa885b?s=96&d=mm&r=g","height":96,"width":96}},"publisher":{"@type":"Organization","name":"edym.sk","logo":{"@type":"ImageObject","@id":"\/logo.png","url":"\/logo.png","width":600,"height":60}},"image":{"@type":"ImageObject","@id":"https:\/\/www.edym.sk\/wp-content\/uploads\/img_a286879_w16481_t1523634267.jpg","url":"https:\/\/www.edym.sk\/wp-content\/uploads\/img_a286879_w16481_t1523634267.jpg","height":0,"width":0},"keywords":null},{"@type":"Article","@id":"https:\/\/www.edym.sk\/dochodcovia-si-prilepsia-o-par-eur\/","headline":"D\u00f4chodcovia si prilep\u0161ia , o p\u00e1r eur.","url":"https:\/\/www.edym.sk\/dochodcovia-si-prilepsia-o-par-eur\/","datePublished":"2018-01-30","dateModified":"2018-01-30","mainEntityOfPage":"https:\/\/www.edym.sk\/dochodcovia-si-prilepsia-o-par-eur\/","author":{"@type":"Person","@id":"https:\/\/www.edym.sk\/author\/#Person","name":"edym.sk\n","url":"https:\/\/www.edym.sk\/author\/","identifier":1,"image":{"@type":"ImageObject","@id":"https:\/\/secure.gravatar.com\/avatar\/390ba47df5874845ef3762ac16ecd0a67f4e30c13cbb7c7ee444ade303aa885b?s=96&d=mm&r=g","url":"https:\/\/secure.gravatar.com\/avatar\/390ba47df5874845ef3762ac16ecd0a67f4e30c13cbb7c7ee444ade303aa885b?s=96&d=mm&r=g","height":96,"width":96}},"publisher":{"@type":"Organization","name":"edym.sk","logo":{"@type":"ImageObject","@id":"\/logo.png","url":"\/logo.png","width":600,"height":60}},"image":{"@type":"ImageObject","@id":"https:\/\/www.edym.sk\/wp-content\/uploads\/img_a286532_w16481_t1522441544.jpg","url":"https:\/\/www.edym.sk\/wp-content\/uploads\/img_a286532_w16481_t1522441544.jpg","height":0,"width":0},"keywords":null},{"@type":"Article","@id":"https:\/\/www.edym.sk\/lidl-ma-na-slovensku-vyssie-prijmy-nez-v-nemecku\/","headline":"LIDL m\u00e1 na Slovensku vy\u0161\u0161ie pr\u00edjmy, ne\u017e v Nemecku","url":"https:\/\/www.edym.sk\/lidl-ma-na-slovensku-vyssie-prijmy-nez-v-nemecku\/","datePublished":"2018-01-12","dateModified":"2023-04-25","mainEntityOfPage":"https:\/\/www.edym.sk\/lidl-ma-na-slovensku-vyssie-prijmy-nez-v-nemecku\/","author":{"@type":"Person","@id":"https:\/\/www.edym.sk\/author\/#Person","name":"edym.sk\n","url":"https:\/\/www.edym.sk\/author\/","identifier":1,"image":{"@type":"ImageObject","@id":"https:\/\/secure.gravatar.com\/avatar\/390ba47df5874845ef3762ac16ecd0a67f4e30c13cbb7c7ee444ade303aa885b?s=96&d=mm&r=g","url":"https:\/\/secure.gravatar.com\/avatar\/390ba47df5874845ef3762ac16ecd0a67f4e30c13cbb7c7ee444ade303aa885b?s=96&d=mm&r=g","height":96,"width":96}},"publisher":{"@type":"Organization","name":"edym.sk","logo":{"@type":"ImageObject","@id":"\/logo.png","url":"\/logo.png","width":600,"height":60}},"image":{"@type":"ImageObject","@id":"https:\/\/www.edym.sk\/wp-content\/uploads\/img_a285703_w16481_t1520875242.jpg","url":"https:\/\/www.edym.sk\/wp-content\/uploads\/img_a285703_w16481_t1520875242.jpg","height":0,"width":0},"keywords":null},{"@type":"Article","@id":"https:\/\/www.edym.sk\/moj-nepekny-nazor-na-politiku-usa-ktora-sa-stava-globalnou\/","headline":"M\u00f4j nepekn\u00fd n\u00e1zor na politiku USA, ktor\u00e1 sa st\u00e1va glob\u00e1lnou","url":"https:\/\/www.edym.sk\/moj-nepekny-nazor-na-politiku-usa-ktora-sa-stava-globalnou\/","datePublished":"2017-10-15","dateModified":"2023-04-25","mainEntityOfPage":"https:\/\/www.edym.sk\/moj-nepekny-nazor-na-politiku-usa-ktora-sa-stava-globalnou\/","author":{"@type":"Person","@id":"https:\/\/www.edym.sk\/author\/#Person","name":"edym.sk\n","url":"https:\/\/www.edym.sk\/author\/","identifier":1,"image":{"@type":"ImageObject","@id":"https:\/\/secure.gravatar.com\/avatar\/390ba47df5874845ef3762ac16ecd0a67f4e30c13cbb7c7ee444ade303aa885b?s=96&d=mm&r=g","url":"https:\/\/secure.gravatar.com\/avatar\/390ba47df5874845ef3762ac16ecd0a67f4e30c13cbb7c7ee444ade303aa885b?s=96&d=mm&r=g","height":96,"width":96}},"publisher":{"@type":"Organization","name":"edym.sk","logo":{"@type":"ImageObject","@id":"\/logo.png","url":"\/logo.png","width":600,"height":60}},"image":{"@type":"ImageObject","@id":"https:\/\/www.edym.sk\/wp-content\/uploads\/img_a283797_w16481_t1513354569.jpg","url":"https:\/\/www.edym.sk\/wp-content\/uploads\/img_a283797_w16481_t1513354569.jpg","height":0,"width":0},"keywords":null}]}