[{"@context":"https:\/\/schema.org\/","@type":"Blog","@id":"https:\/\/www.edym.sk#Blog","headline":"Edym","description":"\n\u010cak\u00e1 v\u00e1s dlh\u00e1 cesta vlakom \u010di ako spolujazdca a ob\u00e1vate sa nudy? Vezmite si so sebou \u010d\u00edtanie, ktor\u00e9 v\u00e1m nezaberie miesto v ta\u0161ke a e\u0161te v\u00e1s zaujme i pobav\u00ed. V\u010faka online magaz\u00ednu budete ma\u0165 st\u00e1le \u010do \u010d\u00edta\u0165 a s nudou sa nestretnete.","url":"https:\/\/www.edym.sk","hasPart":[{"@type":"Article","@id":"https:\/\/www.edym.sk\/ukoncenie-podnikania-s-cistym-stitom\/","headline":"Ukon\u010denie podnikania s \u010dist\u00fdm \u0161t\u00edtom","url":"https:\/\/www.edym.sk\/ukoncenie-podnikania-s-cistym-stitom\/","datePublished":"2026-03-17","dateModified":"2026-03-17","mainEntityOfPage":"https:\/\/www.edym.sk\/ukoncenie-podnikania-s-cistym-stitom\/","author":{"@type":"Person","@id":"https:\/\/www.edym.sk\/author\/#Person","name":"edym.sk\n","url":"https:\/\/www.edym.sk\/author\/","identifier":1,"image":{"@type":"ImageObject","@id":"https:\/\/secure.gravatar.com\/avatar\/390ba47df5874845ef3762ac16ecd0a67f4e30c13cbb7c7ee444ade303aa885b?s=96&d=mm&r=g","url":"https:\/\/secure.gravatar.com\/avatar\/390ba47df5874845ef3762ac16ecd0a67f4e30c13cbb7c7ee444ade303aa885b?s=96&d=mm&r=g","height":96,"width":96}},"publisher":{"@type":"Organization","name":"edym.sk","logo":{"@type":"ImageObject","@id":"\/logo.png","url":"\/logo.png","width":600,"height":60}},"image":{"@type":"ImageObject","@id":"https:\/\/www.edym.sk\/wp-content\/uploads\/IMG_5582.jpeg","url":"https:\/\/www.edym.sk\/wp-content\/uploads\/IMG_5582.jpeg","height":0,"width":0},"wordCount":478,"keywords":null},{"@type":"Article","@id":"https:\/\/www.edym.sk\/topenie-drevom-ajeho-vyhody\/","headline":"Topenie drevom ajeho v\u00fdhody","url":"https:\/\/www.edym.sk\/topenie-drevom-ajeho-vyhody\/","datePublished":"2026-01-03","dateModified":"2026-01-03","mainEntityOfPage":"https:\/\/www.edym.sk\/topenie-drevom-ajeho-vyhody\/","author":{"@type":"Person","@id":"https:\/\/www.edym.sk\/author\/#Person","name":"edym.sk\n","url":"https:\/\/www.edym.sk\/author\/","identifier":1,"image":{"@type":"ImageObject","@id":"https:\/\/secure.gravatar.com\/avatar\/390ba47df5874845ef3762ac16ecd0a67f4e30c13cbb7c7ee444ade303aa885b?s=96&d=mm&r=g","url":"https:\/\/secure.gravatar.com\/avatar\/390ba47df5874845ef3762ac16ecd0a67f4e30c13cbb7c7ee444ade303aa885b?s=96&d=mm&r=g","height":96,"width":96}},"publisher":{"@type":"Organization","name":"edym.sk","logo":{"@type":"ImageObject","@id":"\/logo.png","url":"\/logo.png","width":600,"height":60}},"image":{"@type":"ImageObject","@id":"https:\/\/www.edym.sk\/wp-content\/uploads\/fotorieth-tea-tray-985028_640.jpg","url":"https:\/\/www.edym.sk\/wp-content\/uploads\/fotorieth-tea-tray-985028_640.jpg","height":0,"width":0},"wordCount":588,"keywords":null},{"@type":"Article","@id":"https:\/\/www.edym.sk\/reklama-pre-vasu-firmu\/","headline":"Reklama pre va\u0161u firmu","url":"https:\/\/www.edym.sk\/reklama-pre-vasu-firmu\/","datePublished":"2025-12-08","dateModified":"2025-12-08","mainEntityOfPage":"https:\/\/www.edym.sk\/reklama-pre-vasu-firmu\/","author":{"@type":"Person","@id":"https:\/\/www.edym.sk\/author\/#Person","name":"edym.sk\n","url":"https:\/\/www.edym.sk\/author\/","identifier":1,"image":{"@type":"ImageObject","@id":"https:\/\/secure.gravatar.com\/avatar\/390ba47df5874845ef3762ac16ecd0a67f4e30c13cbb7c7ee444ade303aa885b?s=96&d=mm&r=g","url":"https:\/\/secure.gravatar.com\/avatar\/390ba47df5874845ef3762ac16ecd0a67f4e30c13cbb7c7ee444ade303aa885b?s=96&d=mm&r=g","height":96,"width":96}},"publisher":{"@type":"Organization","name":"edym.sk","logo":{"@type":"ImageObject","@id":"\/logo.png","url":"\/logo.png","width":600,"height":60}},"image":{"@type":"ImageObject","@id":"https:\/\/www.edym.sk\/wp-content\/uploads\/promotional-products-694792_640-2_1.jpg","url":"https:\/\/www.edym.sk\/wp-content\/uploads\/promotional-products-694792_640-2_1.jpg","height":0,"width":0},"wordCount":501,"keywords":null},{"@type":"Article","@id":"https:\/\/www.edym.sk\/preco-je-s-r-o-najoblubenejsiu-formou-podnikania\/","headline":"Pre\u010do je s.r.o. najob\u013e\u00fabenej\u0161iu formou podnikania","url":"https:\/\/www.edym.sk\/preco-je-s-r-o-najoblubenejsiu-formou-podnikania\/","datePublished":"2025-12-06","dateModified":"2025-12-06","mainEntityOfPage":"https:\/\/www.edym.sk\/preco-je-s-r-o-najoblubenejsiu-formou-podnikania\/","author":{"@type":"Person","@id":"https:\/\/www.edym.sk\/author\/#Person","name":"edym.sk\n","url":"https:\/\/www.edym.sk\/author\/","identifier":1,"image":{"@type":"ImageObject","@id":"https:\/\/secure.gravatar.com\/avatar\/390ba47df5874845ef3762ac16ecd0a67f4e30c13cbb7c7ee444ade303aa885b?s=96&d=mm&r=g","url":"https:\/\/secure.gravatar.com\/avatar\/390ba47df5874845ef3762ac16ecd0a67f4e30c13cbb7c7ee444ade303aa885b?s=96&d=mm&r=g","height":96,"width":96}},"publisher":{"@type":"Organization","name":"edym.sk","logo":{"@type":"ImageObject","@id":"\/logo.png","url":"\/logo.png","width":600,"height":60}},"image":{"@type":"ImageObject","@id":"https:\/\/www.edym.sk\/wp-content\/uploads\/IMG_3474.jpeg","url":"https:\/\/www.edym.sk\/wp-content\/uploads\/IMG_3474.jpeg","height":0,"width":0},"wordCount":493,"keywords":null},{"@type":"Article","@id":"https:\/\/www.edym.sk\/povinnost-energetickeho-certifikatu\/","headline":"Povinnos\u0165 energetick\u00e9ho certifik\u00e1tu?","url":"https:\/\/www.edym.sk\/povinnost-energetickeho-certifikatu\/","datePublished":"2024-07-07","dateModified":"2024-07-07","mainEntityOfPage":"https:\/\/www.edym.sk\/povinnost-energetickeho-certifikatu\/","author":{"@type":"Person","@id":"https:\/\/www.edym.sk\/author\/#Person","name":"edym.sk\n","url":"https:\/\/www.edym.sk\/author\/","identifier":1,"image":{"@type":"ImageObject","@id":"https:\/\/secure.gravatar.com\/avatar\/390ba47df5874845ef3762ac16ecd0a67f4e30c13cbb7c7ee444ade303aa885b?s=96&d=mm&r=g","url":"https:\/\/secure.gravatar.com\/avatar\/390ba47df5874845ef3762ac16ecd0a67f4e30c13cbb7c7ee444ade303aa885b?s=96&d=mm&r=g","height":96,"width":96}},"publisher":{"@type":"Organization","name":"edym.sk","logo":{"@type":"ImageObject","@id":"\/logo.png","url":"\/logo.png","width":600,"height":60}},"image":{"@type":"ImageObject","@id":"https:\/\/www.edym.sk\/wp-content\/uploads\/energy-1616966_1280_1.png","url":"https:\/\/www.edym.sk\/wp-content\/uploads\/energy-1616966_1280_1.png","height":0,"width":0},"wordCount":498,"keywords":null},{"@type":"Article","@id":"https:\/\/www.edym.sk\/menite-sidlo-v-spolocnosti\/","headline":"Men\u00edte s\u00eddlo v spolo\u010dnosti?","url":"https:\/\/www.edym.sk\/menite-sidlo-v-spolocnosti\/","datePublished":"2024-06-08","dateModified":"2024-06-08","mainEntityOfPage":"https:\/\/www.edym.sk\/menite-sidlo-v-spolocnosti\/","author":{"@type":"Person","@id":"https:\/\/www.edym.sk\/author\/#Person","name":"edym.sk\n","url":"https:\/\/www.edym.sk\/author\/","identifier":1,"image":{"@type":"ImageObject","@id":"https:\/\/secure.gravatar.com\/avatar\/390ba47df5874845ef3762ac16ecd0a67f4e30c13cbb7c7ee444ade303aa885b?s=96&d=mm&r=g","url":"https:\/\/secure.gravatar.com\/avatar\/390ba47df5874845ef3762ac16ecd0a67f4e30c13cbb7c7ee444ade303aa885b?s=96&d=mm&r=g","height":96,"width":96}},"publisher":{"@type":"Organization","name":"edym.sk","logo":{"@type":"ImageObject","@id":"\/logo.png","url":"\/logo.png","width":600,"height":60}},"image":{"@type":"ImageObject","@id":"https:\/\/www.edym.sk\/wp-content\/uploads\/firm-2003808_640_4.jpg","url":"https:\/\/www.edym.sk\/wp-content\/uploads\/firm-2003808_640_4.jpg","height":0,"width":0},"wordCount":465,"keywords":null},{"@type":"Article","@id":"https:\/\/www.edym.sk\/nesnazte-sa-odolat\/","headline":"Nesna\u017ete sa odola\u0165","url":"https:\/\/www.edym.sk\/nesnazte-sa-odolat\/","datePublished":"2024-05-05","dateModified":"2024-05-05","mainEntityOfPage":"https:\/\/www.edym.sk\/nesnazte-sa-odolat\/","author":{"@type":"Person","@id":"https:\/\/www.edym.sk\/author\/#Person","name":"edym.sk\n","url":"https:\/\/www.edym.sk\/author\/","identifier":1,"image":{"@type":"ImageObject","@id":"https:\/\/secure.gravatar.com\/avatar\/390ba47df5874845ef3762ac16ecd0a67f4e30c13cbb7c7ee444ade303aa885b?s=96&d=mm&r=g","url":"https:\/\/secure.gravatar.com\/avatar\/390ba47df5874845ef3762ac16ecd0a67f4e30c13cbb7c7ee444ade303aa885b?s=96&d=mm&r=g","height":96,"width":96}},"publisher":{"@type":"Organization","name":"edym.sk","logo":{"@type":"ImageObject","@id":"\/logo.png","url":"\/logo.png","width":600,"height":60}},"image":{"@type":"ImageObject","@id":"https:\/\/www.edym.sk\/wp-content\/uploads\/becca-tapert-F0ZiHWliGGM-unsplash.jpg","url":"https:\/\/www.edym.sk\/wp-content\/uploads\/becca-tapert-F0ZiHWliGGM-unsplash.jpg","height":0,"width":0},"wordCount":566,"keywords":null},{"@type":"Article","@id":"https:\/\/www.edym.sk\/uzite-si-prijemnu-masaz\/","headline":"U\u017eite si pr\u00edjemn\u00fa m\u00e1s\u00e1\u017e","url":"https:\/\/www.edym.sk\/uzite-si-prijemnu-masaz\/","datePublished":"2023-09-17","dateModified":"2023-09-17","mainEntityOfPage":"https:\/\/www.edym.sk\/uzite-si-prijemnu-masaz\/","author":{"@type":"Person","@id":"https:\/\/www.edym.sk\/author\/#Person","name":"edym.sk\n","url":"https:\/\/www.edym.sk\/author\/","identifier":1,"image":{"@type":"ImageObject","@id":"https:\/\/secure.gravatar.com\/avatar\/390ba47df5874845ef3762ac16ecd0a67f4e30c13cbb7c7ee444ade303aa885b?s=96&d=mm&r=g","url":"https:\/\/secure.gravatar.com\/avatar\/390ba47df5874845ef3762ac16ecd0a67f4e30c13cbb7c7ee444ade303aa885b?s=96&d=mm&r=g","height":96,"width":96}},"publisher":{"@type":"Organization","name":"edym.sk","logo":{"@type":"ImageObject","@id":"\/logo.png","url":"\/logo.png","width":600,"height":60}},"image":{"@type":"ImageObject","@id":"https:\/\/www.edym.sk\/wp-content\/uploads\/eroticka-masaz_8.jpg","url":"https:\/\/www.edym.sk\/wp-content\/uploads\/eroticka-masaz_8.jpg","height":0,"width":0},"wordCount":530,"keywords":null},{"@type":"Article","@id":"https:\/\/www.edym.sk\/meditacia-krok-za-krokom\/","headline":"Medit\u00e1cia krok za krokom","url":"https:\/\/www.edym.sk\/meditacia-krok-za-krokom\/","datePublished":"2023-08-19","dateModified":"2024-03-16","mainEntityOfPage":"https:\/\/www.edym.sk\/meditacia-krok-za-krokom\/","author":{"@type":"Person","@id":"https:\/\/www.edym.sk\/author\/#Person","name":"edym.sk\n","url":"https:\/\/www.edym.sk\/author\/","identifier":1,"image":{"@type":"ImageObject","@id":"https:\/\/secure.gravatar.com\/avatar\/390ba47df5874845ef3762ac16ecd0a67f4e30c13cbb7c7ee444ade303aa885b?s=96&d=mm&r=g","url":"https:\/\/secure.gravatar.com\/avatar\/390ba47df5874845ef3762ac16ecd0a67f4e30c13cbb7c7ee444ade303aa885b?s=96&d=mm&r=g","height":96,"width":96}},"publisher":{"@type":"Organization","name":"edym.sk","logo":{"@type":"ImageObject","@id":"\/logo.png","url":"\/logo.png","width":600,"height":60}},"image":{"@type":"ImageObject","@id":"https:\/\/www.edym.sk\/wp-content\/uploads\/pexels-mikhail-nilov-7530852_1.jpg","url":"https:\/\/www.edym.sk\/wp-content\/uploads\/pexels-mikhail-nilov-7530852_1.jpg","height":0,"width":0},"wordCount":457,"keywords":null},{"@type":"Article","@id":"https:\/\/www.edym.sk\/voda-servis\/","headline":"Voda Servis","url":"https:\/\/www.edym.sk\/voda-servis\/","datePublished":"2023-08-19","dateModified":"2023-08-19","mainEntityOfPage":"https:\/\/www.edym.sk\/voda-servis\/","author":{"@type":"Person","@id":"https:\/\/www.edym.sk\/author\/#Person","name":"edym.sk\n","url":"https:\/\/www.edym.sk\/author\/","identifier":1,"image":{"@type":"ImageObject","@id":"https:\/\/secure.gravatar.com\/avatar\/390ba47df5874845ef3762ac16ecd0a67f4e30c13cbb7c7ee444ade303aa885b?s=96&d=mm&r=g","url":"https:\/\/secure.gravatar.com\/avatar\/390ba47df5874845ef3762ac16ecd0a67f4e30c13cbb7c7ee444ade303aa885b?s=96&d=mm&r=g","height":96,"width":96}},"publisher":{"@type":"Organization","name":"edym.sk","logo":{"@type":"ImageObject","@id":"\/logo.png","url":"\/logo.png","width":600,"height":60}},"image":{"@type":"ImageObject","@id":"https:\/\/www.edym.sk\/wp-content\/uploads\/istockphoto-622010710-612x612_1.jpg","url":"https:\/\/www.edym.sk\/wp-content\/uploads\/istockphoto-622010710-612x612_1.jpg","height":0,"width":0},"wordCount":489,"keywords":null}]},{"@context":"https:\/\/schema.org","@type":"WebSite","@id":"https:\/\/www.edym.sk\/#website","name":"Edym","url":"https:\/\/www.edym.sk","potentialAction":{"@type":"SearchAction","target":"https:\/\/www.edym.sk\/?s={search_term_string}","query-input":"required name=search_term_string"}}]